{"id":4669,"date":"2025-03-31T13:17:21","date_gmt":"2025-03-31T12:17:21","guid":{"rendered":"https:\/\/www.mikro-wellen.net\/wordpress\/?p=4669"},"modified":"2026-01-13T21:25:00","modified_gmt":"2026-01-13T20:25:00","slug":"ripples-41","status":"publish","type":"post","link":"https:\/\/www.mikro-wellen.net\/wordpress\/ripples-41\/","title":{"rendered":"Ripples"},"content":{"rendered":"<h2><span style=\"color: #00ff00;\"><em><strong>Nina Garcia @ M\u00e9teo Festival 2024<\/strong><\/em><\/span><br \/>\n<span style=\"color: #00ff00;\"><em><strong>Maria Bertel \/ Nina Garcia &#8211; Knaekket Smil<\/strong><\/em><\/span><br \/>\n<span style=\"color: #00ff00;\"><em><strong>Venediktos Tempelboom &#8211; Syne Vuyle Hoeck<\/strong><\/em><\/span><br \/>\n<span style=\"color: #00ff00;\"><em><strong>Maibaum &#8211; Sumer is Icumen In<\/strong><\/em><\/span><br \/>\n<span style=\"color: #00ff00;\"><em><strong>Frituuur &#8211; Aconcagua<\/strong><\/em><\/span><br \/>\n<span style=\"color: #00ff00;\"><em><strong>Eve Aboulkheir &#8211; Hypnagogic Walks<\/strong><\/em><\/span><br \/>\n<span style=\"color: #00ff00;\"><em><strong>Aya Suzuki- Winged Seeds<\/strong><\/em><\/span><br \/>\n<span style=\"color: #00ff00;\"><em><strong>Delphine Dora &#8211; The Great Passage<\/strong><\/em><\/span><br \/>\n<span style=\"color: #00ff00;\"><em><strong>Clara Levy &#8211; outre &#8211; nuit<\/strong><\/em><\/span><\/h2>\n<p><img loading=\"lazy\" decoding=\"async\" class=\"alignnone wp-image-4680 size-full\" src=\"https:\/\/www.mikro-wellen.net\/wordpress\/wp-content\/uploads\/2025\/03\/IMG_3645-rotated.jpg\" alt=\"\" width=\"480\" height=\"640\" srcset=\"https:\/\/www.mikro-wellen.net\/wordpress\/wp-content\/uploads\/2025\/03\/IMG_3645-rotated.jpg 480w, https:\/\/www.mikro-wellen.net\/wordpress\/wp-content\/uploads\/2025\/03\/IMG_3645-225x300.jpg 225w\" sizes=\"auto, (max-width: 480px) 100vw, 480px\" \/><\/p>\n<p>&nbsp;<\/p>\n<p><strong>Nina Garcia<\/strong>, Pariserin, ist beim M\u00e9teo-Festival in Mulhouse eine gern gesehene und gesch\u00e4tzte Musikerin. F\u00fcr die Auff\u00fchrung des St\u00fccks De haut en bas, de bas en haut et lat\u00e9ralment, das gemeinsame Projekt mit dem Perkussionisten <strong>Romain Simon<\/strong>, der Choreographin und T\u00e4nzerin <strong>Anna Ga\u00efotti<\/strong> und bildenden K\u00fcnstlerin <strong>Jennifer<\/strong> Caubet, bot sich der Mulhouser Kulturtempel La Filature als idealer Ort an.<br \/>\nIm verdunkelten kleinen Konzertsaal der Filature kann man nur die angestrahlten Skulpturen von Caubet und die Konturen der K\u00fcnstler erahnen. Das St\u00fcck vereint Konzert und Choreographie, spielt musikalisch die klassische Dramaturgie von kaum H\u00f6rbaren bis berstenden Noise und zur\u00fcck zur Stille; bereichert und interpretiert von der sich von bizarrer starrer Pantomime in Ekstase performenden <strong>Anna Ga\u00efotti<\/strong>.<\/p>\n<p><img loading=\"lazy\" decoding=\"async\" class=\"alignnone wp-image-4682 size-full\" src=\"https:\/\/www.mikro-wellen.net\/wordpress\/wp-content\/uploads\/2025\/03\/IMG_3636.jpg\" alt=\"\" width=\"320\" height=\"240\" srcset=\"https:\/\/www.mikro-wellen.net\/wordpress\/wp-content\/uploads\/2025\/03\/IMG_3636.jpg 320w, https:\/\/www.mikro-wellen.net\/wordpress\/wp-content\/uploads\/2025\/03\/IMG_3636-300x225.jpg 300w\" sizes=\"auto, (max-width: 320px) 100vw, 320px\" \/><\/p>\n<p>Noch kompromissloser geht es auf dem Album von <strong>Nina Garcia<\/strong> mit der d\u00e4nischen Posaunistin <strong>Maria Bertel<\/strong> zur Sache. Von Musik auf leisen Sohlen keine Spur; auf dem Album Knaekket Smil (Kraak) pusten die Beiden dem geneigten H\u00f6rer mit intensiven, bis auf das absolut Wesentlichste reduziertem Instrumentarium und schillerndem L\u00e4rm der Kategorie Oberton die Ohren frei. Da werden vor dem Haus gar die bemitleidenswerter Stadtangestellten mit ihren leidigen Laubbl\u00e4sern abwechselnd blass vor Neid und rot vor Zorn. L\u00e4sst man sich auf das Album von <strong>Nina Garcia<\/strong> und <strong>Maria Bertel<\/strong> ein, entdeckt und begeistert man sich nach und nach f\u00fcr diese geniale Mischung aus New Wave, Free Jazz, Punk und reinem Noise.<\/p>\n<p><img loading=\"lazy\" decoding=\"async\" class=\"alignnone wp-image-4676\" src=\"https:\/\/www.mikro-wellen.net\/wordpress\/wp-content\/uploads\/2025\/03\/vedediktos-300x300.png\" alt=\"\" width=\"600\" height=\"600\" srcset=\"https:\/\/www.mikro-wellen.net\/wordpress\/wp-content\/uploads\/2025\/03\/vedediktos-300x300.png 300w, https:\/\/www.mikro-wellen.net\/wordpress\/wp-content\/uploads\/2025\/03\/vedediktos-150x150.png 150w, https:\/\/www.mikro-wellen.net\/wordpress\/wp-content\/uploads\/2025\/03\/vedediktos-768x768.png 768w, https:\/\/www.mikro-wellen.net\/wordpress\/wp-content\/uploads\/2025\/03\/vedediktos.png 800w\" sizes=\"auto, (max-width: 600px) 100vw, 600px\" \/><\/p>\n<p>In \u00e4hnlich melancholischen Fahrwassern wie Razens\u2019 Ameel Brecht auf seinem Solo-Album Polygraph Heartbeat oder die fr\u00fchen Ignatz-Ver\u00f6ffentlichungen bewegt sich Benoit Monsieurs aka <strong>Benediktos Tempelboom<\/strong> auf seinem zweiten Album (nach dem Tape Het Vuil Volkske) f\u00fcr Kraak.<br \/>\nIn den Weiten Flanderns ist man den \u201cprimitive American\u201d &#8211; Pionieren scheinbar n\u00e4her als irgendwo sonst in der Welt. Mit seiner 12-Saitigen erschafft Monsieurs atmosph\u00e4risch &#8211; dichte Klanglandschaften, die auf verf\u00fcherische Weise Einsamkeit, Weite und D\u00fcsternis atmen und einen tief in eine transzendente Meditation von Drones, acid-getr\u00e4nkten Folk verschwinden lassen. Pure Magie!<\/p>\n<p>Der Franzose <strong>Quot\u00e9 Thirionet<\/strong> dockte vor einigen Jahren an die gut vernetzte Off-Stream-Szene von Br\u00fcssel und Ghent an, spielte dort in unterschiedlichsten Bands (Dhavali Giri, Pairi Daeza) und hielt sich mit Jobs in Fabriken finanziell \u00fcber Wasser. Das Interesse f\u00fcr Botanik f\u00fchrte Thirionet nun aber zur\u00fcck ins fransz\u00f6sische Hinterland, wo er nun Heilpflanzen f\u00fcr die Medizin anbaut und in Sachen Musik auch zu so etwas wie ein G\u00e4rtner wurde. Sein eigenes Label Echotape lebt von spontanen Ver\u00f6ffentlichungen und unerwarteten Resultaten mittels Improvisation; Sumer is Icumen In ist in irgendwie das genaue Gegenteil: das Album ist \u00fcber einen l\u00e4ngeren Zeitraum aufgenommen und gemixt worden und erscheint auf drei Labels gleichzeitig.<\/p>\n<p><img loading=\"lazy\" decoding=\"async\" class=\"alignnone wp-image-4675\" src=\"https:\/\/www.mikro-wellen.net\/wordpress\/wp-content\/uploads\/2025\/03\/maibaum-300x300.jpeg\" alt=\"\" width=\"600\" height=\"600\" srcset=\"https:\/\/www.mikro-wellen.net\/wordpress\/wp-content\/uploads\/2025\/03\/maibaum-300x300.jpeg 300w, https:\/\/www.mikro-wellen.net\/wordpress\/wp-content\/uploads\/2025\/03\/maibaum-150x150.jpeg 150w, https:\/\/www.mikro-wellen.net\/wordpress\/wp-content\/uploads\/2025\/03\/maibaum-768x768.jpeg 768w, https:\/\/www.mikro-wellen.net\/wordpress\/wp-content\/uploads\/2025\/03\/maibaum.jpeg 800w\" sizes=\"auto, (max-width: 600px) 100vw, 600px\" \/><\/p>\n<p>Eigentlich spielte <strong>Thirionet<\/strong> in einem fr\u00fcheren Leben Klarinette, Piano, Banjo, Gitarre, Fl\u00f6te und baute selbst Instrumente und all diese Komponenten flie\u00dfen immer noch in seine Musik ein, die aber nun g\u00e4nzlich mit einem Kassettenrekorder, einem Sequenzer und Samples gespielt ist.<br \/>\nSeine Affinit\u00e4t f\u00fcr Paganismus und traditionelle Folkmusik, insbesondere die britische, bricht sich Bahn in den verschwurbelten Montagen seiner Songs, fein-eingeflochteten Melodien, immer mit einem Akzent Mystizismus und nicht zuletzt im Namen <strong>Maibaum<\/strong> (da ist er dann auch nicht weit weg von den deutschen Protagonisten dieser Neo-Mythen-Szene wie Baldruin, Brannten Schn\u00fcre und L\u00e4uten der Seele).<\/p>\n<p>Die zwischenzeitlich oder noch im Br\u00fcsseler Exil lebenden S\u00fcdamerikaner <strong>Nicol\u00e1s Caracavilla<\/strong>, <strong>Pablo Picco<\/strong> und <strong>David Jarrin Zabala<\/strong> entschlossen sich w\u00e4hrend der Covid-Zeit in guter alter Tauschmanier, das hei\u00dft, mittels hin-und her schicken von musikalischen Ideen und gegenseitigem Erg\u00e4nzen, ein Album zu produzieren. Die Kassette Frituur Aconccagua (die M\u00e9lange des h\u00f6chsten Punktes des amerikanischen Kontinents mit dem belgischen Nationalgericht) passt perfekt in das Universum von Kraak; eine kongeniale Verbindung von unterschiedlichesten Einfl\u00fcssen abseits allem G\u00e4ngigen. Wie ein experimentelles Radioh\u00f6rspiel aus einer anderen Zeit, in dem Kurzgeschichten akustisch dargeboten werden, taucht man schnell in einer Klangreise durch unentdeckte Gebiete ab.<br \/>\nTitel wie Liana Del Anima, El Chacal de Xrambaso oder Confesiones de un Challualagarto versprechen nicht zuviel und das Instrumentarium der Musiker weist neben dem Standard-Outfit wie Synthesizer, Sampler oder Gitarren auch unter vielem anderen Fl\u00f6ten, Gamelan, Trompete, Mandoline, Feldaufnahmen, Schallplatten auf.<\/p>\n<p><img loading=\"lazy\" decoding=\"async\" class=\"alignnone wp-image-4674\" src=\"https:\/\/www.mikro-wellen.net\/wordpress\/wp-content\/uploads\/2025\/03\/frituur-300x300.png\" alt=\"\" width=\"600\" height=\"600\" srcset=\"https:\/\/www.mikro-wellen.net\/wordpress\/wp-content\/uploads\/2025\/03\/frituur-300x300.png 300w, https:\/\/www.mikro-wellen.net\/wordpress\/wp-content\/uploads\/2025\/03\/frituur-150x150.png 150w, https:\/\/www.mikro-wellen.net\/wordpress\/wp-content\/uploads\/2025\/03\/frituur-768x768.png 768w, https:\/\/www.mikro-wellen.net\/wordpress\/wp-content\/uploads\/2025\/03\/frituur.png 800w\" sizes=\"auto, (max-width: 600px) 100vw, 600px\" \/><\/p>\n<p>Ritualistisch-anmutende Zeremonien, von Gitarren und Feldaufnahmen getragener Free Folk lassen einen in r\u00e4tselhafte Stra\u00dfenszenen irgendwo in der Welt versinken, Urw\u00e4lder durchstreifen oder verloren im Weltraum schweben. Musikalisch verwandeln sich psychedelisch aufgeladene und geschredderte Melodiefetzen in versteckte Ohrw\u00fcrmer einer anderen Dimension.<\/p>\n<p>Der Albumtitel Hypnagogic Walks beschreibt die unkonventionelle Musik der jungen Quereinsteigerin <strong>Eve Aboulkheir<\/strong>, die in Nizza an der Schule f\u00fcr Feine K\u00fcnste studiert hat, ziemlich gut. \u00c4hnlich wie ihre ebenfalls franz\u00f6sische Zeitgen\u00f6ssin B\u00e9rang\u00e8re Maximin ist in ihren Kompositionen vieles m\u00f6glich, was die gewohnten Rahmen elektroakustischer Musik wie man sie kennt, sprengt. Die akusmatischen Tonlandschaften, die Aboulkheir mit elektroakustischen Manipulationen und modularen Synthesizern kreiert, klingen wie spukhaft aufgeladene Odyseen durch tr\u00fcbe Gew\u00e4sser oder einsame Expeditionen im All, manchmal geht es aber in ihren abstrakten Travellogues auch irdischer zu, sind ihre Kompositionen doch teilweise auch von ihren Reisen inspiriert.<\/p>\n<p><img loading=\"lazy\" decoding=\"async\" class=\"alignnone wp-image-4671\" src=\"https:\/\/www.mikro-wellen.net\/wordpress\/wp-content\/uploads\/2025\/03\/aya-suzuki-300x300.jpeg\" alt=\"\" width=\"600\" height=\"600\" srcset=\"https:\/\/www.mikro-wellen.net\/wordpress\/wp-content\/uploads\/2025\/03\/aya-suzuki-300x300.jpeg 300w, https:\/\/www.mikro-wellen.net\/wordpress\/wp-content\/uploads\/2025\/03\/aya-suzuki-150x150.jpeg 150w, https:\/\/www.mikro-wellen.net\/wordpress\/wp-content\/uploads\/2025\/03\/aya-suzuki-768x768.jpeg 768w, https:\/\/www.mikro-wellen.net\/wordpress\/wp-content\/uploads\/2025\/03\/aya-suzuki.jpeg 800w\" sizes=\"auto, (max-width: 600px) 100vw, 600px\" \/><\/p>\n<p><strong>Aya Suzuki<\/strong> hat es, nachdem sie sich schon im jungen Alter mit Musik befasste und sp\u00e4ter an der Toho Gakuen School of Music studierte, nach Belgien verschlagen, wo sie einige bemerkenswerte St\u00fccke solo oder mit Ensembles einspielte. Das Album Winged Seeds f\u00fcr Kraak bietet so etwas wie einen profunden \u00dcberblick \u00fcber ihre Variabilit\u00e4t in Sachen Perkussion. Beim H\u00f6ren der sechs melodisch bis spr\u00f6de anmutenden Kompositonen f\u00fcr Vibraphone, Auphone, aber auch f\u00fcr vier Topfpflanzen und Sprechen, lassen die chaotisch-beschleunigte Welt f\u00fcr 45 Minuten innehalten und sch\u00e4rfen die Sinne f\u00fcr die verloren geglaubte Sch\u00f6nheit des Daseins und der Welt.<\/p>\n<p>Einzigartig und von unvergleichbarer Exzentrik sind die Ver\u00f6ffentlichungen von <strong>Delphine Dora<\/strong> schon seit den Anf\u00e4ngen mit Kassettenver\u00f6ffentlichungen. Als wichtiges Bindeglied fungiert sie auch zwischen den \u00fcberaktiven Off-Stream-Szenen aus Nordfrankfreich und Br\u00fcssel. Le Grand Passage bezieht sich auf Simone Weil und, konkret, ihre mystischen Erlebnisse, die idealerweise eine Br\u00fccke zwischen dem Menschsein und der G\u00f6ttlichkeit mittels Meditation bauen sollen. Mit Piano und Stimme und teils erfundender Sprache ist <strong>Delphine Dora<\/strong> auf den acht Songs, die wie fragil-sinnliche Mantras anmuten, auch auf der Spurensuche nach einer eigenen Transendenz und verkn\u00fcpft die Stimmung eines dunklen Mittelalters mit dem noch dunkleren Jetzt.<\/p>\n<p><img loading=\"lazy\" decoding=\"async\" class=\"alignnone wp-image-4673\" src=\"https:\/\/www.mikro-wellen.net\/wordpress\/wp-content\/uploads\/2025\/03\/delphine-dora-the-great-passage-300x300.jpg\" alt=\"\" width=\"600\" height=\"600\" srcset=\"https:\/\/www.mikro-wellen.net\/wordpress\/wp-content\/uploads\/2025\/03\/delphine-dora-the-great-passage-300x300.jpg 300w, https:\/\/www.mikro-wellen.net\/wordpress\/wp-content\/uploads\/2025\/03\/delphine-dora-the-great-passage-150x150.jpg 150w, https:\/\/www.mikro-wellen.net\/wordpress\/wp-content\/uploads\/2025\/03\/delphine-dora-the-great-passage.jpg 700w\" sizes=\"auto, (max-width: 600px) 100vw, 600px\" \/><\/p>\n<p>Vergleichbar mit Laura Cannells The Rituals Of Hildegard von Bingen bekommt man eine jeden Kitsch missachtende fesselnde Musik unterbreitet, die das Nebenbeih\u00f6ren verbietet. Das konsequent am richtigen Ton Vorbeisingen Delphine Doras ist dabei nur ein Markenzeichen, das ihren Status in den Kreisen der Au\u00dfenseiterk\u00fcnstler unterstreicht.<\/p>\n<p>Das Album der in Br\u00fcssel wohnenden Franz\u00f6sin <strong>Clara Levy<\/strong> f\u00fcr das Subrosa-Label bietet eine idiosynkratische Zusammenstellung ihrer musikalischen Vorlieben und soll in einer Welt der kompletten, sinnlosen \u00dcberreizung ein Angebot f\u00fcr ein intensives Abtauchen mit der Suche nach dem Inneren des Tons sein.<\/p>\n<p><img loading=\"lazy\" decoding=\"async\" class=\"alignnone wp-image-4672\" src=\"https:\/\/www.mikro-wellen.net\/wordpress\/wp-content\/uploads\/2025\/03\/clara-levy-288x300.png\" alt=\"\" width=\"600\" height=\"626\" srcset=\"https:\/\/www.mikro-wellen.net\/wordpress\/wp-content\/uploads\/2025\/03\/clara-levy-288x300.png 288w, https:\/\/www.mikro-wellen.net\/wordpress\/wp-content\/uploads\/2025\/03\/clara-levy-982x1024.png 982w, https:\/\/www.mikro-wellen.net\/wordpress\/wp-content\/uploads\/2025\/03\/clara-levy-768x801.png 768w, https:\/\/www.mikro-wellen.net\/wordpress\/wp-content\/uploads\/2025\/03\/clara-levy-1473x1536.png 1473w, https:\/\/www.mikro-wellen.net\/wordpress\/wp-content\/uploads\/2025\/03\/clara-levy.png 1500w\" sizes=\"auto, (max-width: 600px) 100vw, 600px\" \/><\/p>\n<p>Als Violinistin mit mehreren Ensembles f\u00fcr Neue Musik zusammenarbeitend &#8211; Onceim, Ictus oder Hanatsu Miroir &#8211; und auch in Improvisations-Projekten beteiligt, h\u00f6ren wir hier H\u00f6rmeditationen der besonderen Art mittels Interpretationen von zentralen St\u00fccken der Neuen Musik: Giacinto Scelsi, Kaija Saariaho, Erika Vega, Eva-Maria Houben und auch zwei eigenen Kompositionen.<\/p>\n<p><a href=\"http:\/\/www.kraak.net\" target=\"_blank\" rel=\"noopener\">http:\/\/www.kraak.net<\/a><\/p>\n<p><a href=\"http:\/\/www.subrosa.net\" target=\"_blank\" rel=\"noopener\">http:\/\/www.subrosa.net<\/a><\/p>\n","protected":false},"excerpt":{"rendered":"<p>Nina Garcia @ M\u00e9teo Festival 2024 Maria Bertel \/ Nina Garcia &#8211; Knaekket Smil Venediktos Tempelboom &#8211; Syne Vuyle Hoeck Maibaum &#8211; Sumer is Icumen In Frituuur &#8211; Aconcagua Eve Aboulkheir &#8211; Hypnagogic Walks Aya Suzuki- Winged Seeds Delphine Dora &#8211; The Great Passage Clara Levy &#8211; outre &#8211; nuit &nbsp; Nina Garcia, Pariserin, ist [&hellip;]<\/p>\n","protected":false},"author":2,"featured_media":0,"comment_status":"closed","ping_status":"closed","sticky":false,"template":"","format":"standard","meta":{"footnotes":""},"categories":[1,120,633],"tags":[1574,1577,1580,28,1575,1573,1576,1568,903,1566,1571,1567,1565,1564,1581,1582,1572,1570,1579,1569,1578],"class_list":["post-4669","post","type-post","status-publish","format-standard","hentry","category-allgemein","category-reviews","category-ripples","tag-aconcaga","tag-aya-suzuki","tag-clara-levy","tag-delphine-dora","tag-eve-aboudolkheir","tag-frituuur","tag-hypnagogic-walks","tag-knaekket-smil","tag-kraak","tag-la-filature","tag-maibaum","tag-maria-bertel","tag-meteo-festival-2024-mulhouse","tag-nina-garcia","tag-outre-nuit","tag-quote-thirionet","tag-sumer-is-icumen-in","tag-syne-vuyle-hoeck","tag-the-great-passage","tag-venedktos-tempelboom","tag-winged-seeds"],"_links":{"self":[{"href":"https:\/\/www.mikro-wellen.net\/wordpress\/wp-json\/wp\/v2\/posts\/4669","targetHints":{"allow":["GET"]}}],"collection":[{"href":"https:\/\/www.mikro-wellen.net\/wordpress\/wp-json\/wp\/v2\/posts"}],"about":[{"href":"https:\/\/www.mikro-wellen.net\/wordpress\/wp-json\/wp\/v2\/types\/post"}],"author":[{"embeddable":true,"href":"https:\/\/www.mikro-wellen.net\/wordpress\/wp-json\/wp\/v2\/users\/2"}],"replies":[{"embeddable":true,"href":"https:\/\/www.mikro-wellen.net\/wordpress\/wp-json\/wp\/v2\/comments?post=4669"}],"version-history":[{"count":8,"href":"https:\/\/www.mikro-wellen.net\/wordpress\/wp-json\/wp\/v2\/posts\/4669\/revisions"}],"predecessor-version":[{"id":4805,"href":"https:\/\/www.mikro-wellen.net\/wordpress\/wp-json\/wp\/v2\/posts\/4669\/revisions\/4805"}],"wp:attachment":[{"href":"https:\/\/www.mikro-wellen.net\/wordpress\/wp-json\/wp\/v2\/media?parent=4669"}],"wp:term":[{"taxonomy":"category","embeddable":true,"href":"https:\/\/www.mikro-wellen.net\/wordpress\/wp-json\/wp\/v2\/categories?post=4669"},{"taxonomy":"post_tag","embeddable":true,"href":"https:\/\/www.mikro-wellen.net\/wordpress\/wp-json\/wp\/v2\/tags?post=4669"}],"curies":[{"name":"wp","href":"https:\/\/api.w.org\/{rel}","templated":true}]}}