{"id":3731,"date":"2020-04-11T09:44:36","date_gmt":"2020-04-11T08:44:36","guid":{"rendered":"https:\/\/www.mikro-wellen.net\/wordpress\/?p=3731"},"modified":"2020-04-11T15:53:07","modified_gmt":"2020-04-11T14:53:07","slug":"kraak-festival-2020","status":"publish","type":"post","link":"https:\/\/www.mikro-wellen.net\/wordpress\/kraak-festival-2020\/","title":{"rendered":"Kraak Festival 2020"},"content":{"rendered":"<p><span style=\"color: #00ff00;\"><em>Kraak Festival 2020<\/em><\/span><\/p>\n<p><img loading=\"lazy\" decoding=\"async\" class=\"alignnone wp-image-3733 size-medium\" src=\"https:\/\/www.mikro-wellen.net\/wordpress\/wp-content\/uploads\/2020\/04\/kraakfest-2020full-300x159.png\" alt=\"\" width=\"300\" height=\"159\" srcset=\"https:\/\/www.mikro-wellen.net\/wordpress\/wp-content\/uploads\/2020\/04\/kraakfest-2020full-300x159.png 300w, https:\/\/www.mikro-wellen.net\/wordpress\/wp-content\/uploads\/2020\/04\/kraakfest-2020full-768x407.png 768w, https:\/\/www.mikro-wellen.net\/wordpress\/wp-content\/uploads\/2020\/04\/kraakfest-2020full.png 800w\" sizes=\"auto, (max-width: 300px) 100vw, 300px\" \/><\/p>\n<p>Die zwanzigste Ausgabe des <strong>Kraak Festivals<\/strong>, die die umtriebige Genter Crew erneut in der geschichtstr\u00e4chtigen Beurschouwburg in der belgischen Metropole veranstaltete, war, besonders nat\u00fcrlich jetzt im R\u00fcckblick gesehen, eine besondere.<br \/>\nAuf der Hinfahrt aus dem S\u00fcden konnte man an diesem vorletzten Tag im Feburar schon eine latente Anspannung und ein gesteigertes Sicherheitsbed\u00fcrfnis in den Z\u00fcgen ausmachen (wohl aber nicht der Beweggrund daf\u00fcr, warum sich die Spur meiner Festivalbegleitung schon vorab irgendwo im Nirgendwo verlor); in Br\u00fcssel wiederum gab man sich noch locker und ausgehfreudig, was sich dann schon eine Woche sp\u00e4ter grundlegend \u00e4ndern sollte.<br \/>\nAuch im Schaltjahr 2020 herrschte aber wie immer an einem gew\u00f6hnlichen Freitagabend in der Br\u00fcsseler Innenstadt Hochbetrieb. Der sich nach und nach von einer Rennstrecke zu einer lauschigen Fu\u00dfg\u00e4ngerzone verwandelnde Boulevard Anspach verliert auf dem Weg zur Gare Du Midi nun auch einige seiner grandios verwittereten Lagerhallen und Herrschaftsh\u00e4user. Die daf\u00fcr hochgezogenen tr\u00f6gen Funktionalbauten mit ihren Late Night Supermarktshops sind da kein wirklicher Trost. Vor zwei Jahren herrschte in der Stadt w\u00e4hrend des Festivals aufgrund der Antiterroraktionen noch eine gewisse Nervosit\u00e4t, die etwas andere Seuche dagegen bleibt &#8211; f\u00fcr den Moment wenigstens &#8211; eine noch diffusere Bedrohung.<\/p>\n<p><img loading=\"lazy\" decoding=\"async\" class=\"alignnone wp-image-3736 size-medium\" src=\"https:\/\/www.mikro-wellen.net\/wordpress\/wp-content\/uploads\/2020\/04\/kraak20203-225x300.jpg\" alt=\"\" width=\"225\" height=\"300\" srcset=\"https:\/\/www.mikro-wellen.net\/wordpress\/wp-content\/uploads\/2020\/04\/kraak20203-225x300.jpg 225w, https:\/\/www.mikro-wellen.net\/wordpress\/wp-content\/uploads\/2020\/04\/kraak20203-rotated.jpg 480w\" sizes=\"auto, (max-width: 225px) 100vw, 225px\" \/><br \/>\nNach dem 24-Stunden &#8211; Marathon-Wahnsinn von 2019 vertraut man dieses Jahr wieder darauf, dass die gew\u00fcnschte Bewu\u00dftseinserweiterung schon alleine aufgrund des hochkar\u00e4tigen Programms auch ausgedehnt auf den Freitagabend und den Samstag zustande kommt. Der Freitag\u00a0 ist diesesmal den Musikern vorbehalten, die 2020 Alben auf dem Label ver\u00f6ffentlichen.<br \/>\n<strong>McCloud Zicmuse<\/strong> von der Herberg Rustiek, einem schr\u00e4gen Kollektiv, das in Br\u00fcssel einerseits ausgesuchte G\u00e4ste beherbergt, aber auch Konzerte veranstaltet, Ausstellungen organisiert, Fanzines produziert oder Kunstobjekte herstellt, f\u00fchrt ganz in der Tradition der vergangenen Moderationen und doch auf seine eigene eigenwillige Art und mit dem Anspruch, noch exzentrischer als die Musik sein zu wollen, souver\u00e4n durch das Programm.<\/p>\n<p><img loading=\"lazy\" decoding=\"async\" class=\"alignnone wp-image-3735 size-medium\" src=\"https:\/\/www.mikro-wellen.net\/wordpress\/wp-content\/uploads\/2020\/04\/kraak2020-225x300.jpg\" alt=\"\" width=\"225\" height=\"300\" srcset=\"https:\/\/www.mikro-wellen.net\/wordpress\/wp-content\/uploads\/2020\/04\/kraak2020-225x300.jpg 225w, https:\/\/www.mikro-wellen.net\/wordpress\/wp-content\/uploads\/2020\/04\/kraak2020-rotated.jpg 480w\" sizes=\"auto, (max-width: 225px) 100vw, 225px\" \/><\/p>\n<p>Von der lauschigen Bar der Beurschouwburg wird man zum Auftakt des Festivalls von <strong>Mr. McCloud Zicmuse<\/strong> also direkt auf die Stra\u00dfe in den Nieselregen gebeten, wo der eigentlich visuelle K\u00fcnstler <strong>Stijn Wybouw<\/strong>, seine andere, musikalische Ader als <strong>Kramp<\/strong> in einer zehnmin\u00fctigen Kakaphonie von Noise und Punk kanalisiert. L\u00e4nger w\u00e4re das Eindreschen auf eine Schlagzeugtrommel und das gegen eine Krachkollage Anschreien auch wohl physisch nicht m\u00f6glich gewesen.<\/p>\n<p><img loading=\"lazy\" decoding=\"async\" class=\"alignnone wp-image-3732 size-full\" src=\"https:\/\/www.mikro-wellen.net\/wordpress\/wp-content\/uploads\/2020\/04\/herberg.jpg\" alt=\"\" width=\"225\" height=\"225\" srcset=\"https:\/\/www.mikro-wellen.net\/wordpress\/wp-content\/uploads\/2020\/04\/herberg.jpg 225w, https:\/\/www.mikro-wellen.net\/wordpress\/wp-content\/uploads\/2020\/04\/herberg-150x150.jpg 150w\" sizes=\"auto, (max-width: 225px) 100vw, 225px\" \/><\/p>\n<p>Als erfahrener Kraak Festival-Besucher wei\u00df man nat\u00fcrlich, dass die musikalische Schattierung sich schon beim folgenden Konzert wieder verschieben wird und die einzige Konstante ein Faible f\u00fcr die inzwischen rare Spezies der verqueren, freigeistigen Einzelg\u00e4nger zu sein scheint. <strong>Eva Van Deuren<\/strong> ist da z.B. ein Prototyp: Unter dem Namen <strong>Orphan Fairytale<\/strong> wird sie ihrem K\u00fcnstlernamen mehr als gerecht. Mit Harfe, low-fi-electronics, Keyboards und Tape Loops gestaltet, suggerieren ihre verspielten, langen Kompositionen die Illusion, alleine, der Welt entrissen, auf einem fliegenden Teppich \u00fcber psychedelisch-verschwurbelte Klanglandschaften zu schweben.<\/p>\n<p><img loading=\"lazy\" decoding=\"async\" class=\"alignnone wp-image-3740 size-medium\" src=\"https:\/\/www.mikro-wellen.net\/wordpress\/wp-content\/uploads\/2020\/04\/kraak20205-225x300.jpg\" alt=\"\" width=\"225\" height=\"300\" srcset=\"https:\/\/www.mikro-wellen.net\/wordpress\/wp-content\/uploads\/2020\/04\/kraak20205-225x300.jpg 225w, https:\/\/www.mikro-wellen.net\/wordpress\/wp-content\/uploads\/2020\/04\/kraak20205-rotated.jpg 480w\" sizes=\"auto, (max-width: 225px) 100vw, 225px\" \/><\/p>\n<p>Nachdem die Antwerperin auf unterschiedlichen Labels Kassetten ver\u00f6ffentlicht hat, war ihre Doppel-LP auf Aguirre &#8211; Records ein starkes Statement. Nun darf man gespannt sein, was sie f\u00fcr die Kraak-Ver\u00f6ffentlichung plant.<br \/>\n<strong>Vica Pacheco<\/strong> aus Oaxaca, Mexiko l\u00e4sst mit ihrer akademisch gepr\u00e4gten elektronischen Musik unweigerlich Erinnerungen an die gro\u00dfe Tradition von radiophonischen H\u00f6rspielkomponisten, elektroakustische und acousmatische Musik wach werden. Ihre dynamischen Kompositionen wirken (und sind wahrscheinlich) wie aus tausend Partikeln zusammengesetzt. Aus der j\u00fcngeren Generation kommt einem die unkonventionelle <strong>B\u00e9rang\u00e9re Maximin<\/strong> in den Sinn, deren \u201cDangerous Orbits\u201d auch m\u00e4chtig Eindruck hinterlassen.<\/p>\n<p><img loading=\"lazy\" decoding=\"async\" class=\"alignnone wp-image-3741 size-medium\" src=\"https:\/\/www.mikro-wellen.net\/wordpress\/wp-content\/uploads\/2020\/04\/kraak20207-225x300.jpg\" alt=\"\" width=\"225\" height=\"300\" srcset=\"https:\/\/www.mikro-wellen.net\/wordpress\/wp-content\/uploads\/2020\/04\/kraak20207-225x300.jpg 225w, https:\/\/www.mikro-wellen.net\/wordpress\/wp-content\/uploads\/2020\/04\/kraak20207-rotated.jpg 480w\" sizes=\"auto, (max-width: 225px) 100vw, 225px\" \/><\/p>\n<p><strong>Jonna Karanka<\/strong> bewegt sich anschlie\u00dfend in einer \u00e4hnlichen musikalischen Welt, l\u00e4sst aber gerne und immer wieder ihren Punk-Gen aufblitzen. Der hyperaktiven finnischen Undergroundszene um <strong>Fonal Records<\/strong> entsprungen, kennt man sie schon von der dronig-l\u00e4rmigen Frauenband <strong>Olimpia Splendid<\/strong>, und wird nun von <strong>Kuupuu<\/strong>, ihrem Soloprojekt, ebenfalls angenehm \u00fcberrascht. Sie spielt melodisch-krachig und mit trockenem Humor dann \u00fcberraschend fein gesponnene Songs. <strong>Maria Rossi<\/strong> aka <strong>Cucina Povera<\/strong>, trotz des Namens ebenfalls Finnin und in Glasgow residierend, ist von \u00e4hnlich genialen Kaliber und k\u00f6nnte die Schwester von <strong>Jonna Karanka<\/strong> sein.<\/p>\n<p><img loading=\"lazy\" decoding=\"async\" class=\"alignnone wp-image-3756 size-medium\" src=\"https:\/\/www.mikro-wellen.net\/wordpress\/wp-content\/uploads\/2020\/04\/kraak20208-1-225x300.jpg\" alt=\"\" width=\"225\" height=\"300\" srcset=\"https:\/\/www.mikro-wellen.net\/wordpress\/wp-content\/uploads\/2020\/04\/kraak20208-1-225x300.jpg 225w, https:\/\/www.mikro-wellen.net\/wordpress\/wp-content\/uploads\/2020\/04\/kraak20208-1-rotated.jpg 480w\" sizes=\"auto, (max-width: 225px) 100vw, 225px\" \/><\/p>\n<p><strong>Crash Toto<\/strong>, zusammengesetzt aus Mitgliedern von <strong>Lemones<\/strong>, die vor zwei Jahren schon als Lokalmatatoren einen Auftritt beim Festival hatten, <strong>Carrageenan<\/strong> und <strong>Christophe Cl\u00e9bard<\/strong>, klingen dann wie \u2026. die <strong>Lemones<\/strong>: die bew\u00e4hrten Mittel &#8211; auf das Grundger\u00fcst reduzierter Rock, parolenschreiender Nichtgesang, tribalistisches Schlagzeug, und das alles inmitten des Publikums zelebrierend &#8211; sorgen dann neben dem Spa\u00dffaktor auch f\u00fcr eine gewisse gemeinsame Entr\u00fcckheit, manche w\u00fcrden es Magie nennen.<\/p>\n<p>Nach dem beinahe schon traditionellen Spaziergang zum <strong>Wiels Museum f\u00fcr Moderne Kunst<\/strong> (die Ausstellungen -Thao Nguyen Phans &#8211; Monsoon Melody und Wolfgang Tillmans\u2019 Today Is The First Day &#8211; haben es gewohnt schwer mit der Architekur der ehemaligen Brauerei und dem Ausblick von der Dachterrasse mitzuhalten) startet das Samstagsprogramm des Festivals am Nachmittag mit <strong>Fiesta en el Vac\u00edo<\/strong>.<\/p>\n<p><img loading=\"lazy\" decoding=\"async\" class=\"alignnone wp-image-3745 size-medium\" src=\"https:\/\/www.mikro-wellen.net\/wordpress\/wp-content\/uploads\/2020\/04\/kraak202010-1-225x300.jpg\" alt=\"\" width=\"225\" height=\"300\" srcset=\"https:\/\/www.mikro-wellen.net\/wordpress\/wp-content\/uploads\/2020\/04\/kraak202010-1-225x300.jpg 225w, https:\/\/www.mikro-wellen.net\/wordpress\/wp-content\/uploads\/2020\/04\/kraak202010-1-rotated.jpg 480w\" sizes=\"auto, (max-width: 225px) 100vw, 225px\" \/><\/p>\n<p><strong>Luna Cedron<\/strong> lebte, von ihrer umtriebigen Mutter ins Schlepptau genommen, schon in Frankreich, Mexiko, Kuba, Spanien und Argentinien; ein \u00dcberschwall von pr\u00e4genden Einfl\u00fcssen und Eindr\u00fccken, der sich auch in ihrer von Cold Wave -, Synthie-Pop -, Ambient &#8211; bis zu Flamenco -versatzst\u00fcckelnden Musik ausdr\u00fcckt. Die argentisch-j\u00fcdische Poetin <strong>Alejandra Pizarnik<\/strong>, die von ihren aus der UDSSR geflohenen Eltern und ihrer Geschichte auch die Schwermut vererbt bekommen hat, wird von Luna Cedron in der Festivalausgabe des Avant &#8211; Guardian auch als wichtiger Einfluss genannt. Eine sch\u00f6ne Verbindung zu ihren subtil melancholischen Songs, bei denen es im Gegensatz zu \u00e4therischeren Vertretern ihrer Zunft durchaus auch hin und wieder gesanglich zur Sache geht. Eine Single von <strong>Fiesta En El Vac\u00edo<\/strong> ist auf dem f\u00fcr Synthie\/Cold-Wave &#8211; Musik bekannten Br\u00fcsseler Label <strong>Lexi-Records,<\/strong> das uns auch schon solche Perlen wie <strong>Capelo<\/strong> oder <strong>ELG<\/strong> bescherte, erschienen.<\/p>\n<p><img loading=\"lazy\" decoding=\"async\" class=\"alignnone wp-image-3734 size-medium\" src=\"https:\/\/www.mikro-wellen.net\/wordpress\/wp-content\/uploads\/2020\/04\/lizzy-vandierendonck-en-6858-222x300.png\" alt=\"\" width=\"222\" height=\"300\" srcset=\"https:\/\/www.mikro-wellen.net\/wordpress\/wp-content\/uploads\/2020\/04\/lizzy-vandierendonck-en-6858-222x300.png 222w, https:\/\/www.mikro-wellen.net\/wordpress\/wp-content\/uploads\/2020\/04\/lizzy-vandierendonck-en-6858-759x1024.png 759w, https:\/\/www.mikro-wellen.net\/wordpress\/wp-content\/uploads\/2020\/04\/lizzy-vandierendonck-en-6858-768x1037.png 768w, https:\/\/www.mikro-wellen.net\/wordpress\/wp-content\/uploads\/2020\/04\/lizzy-vandierendonck-en-6858.png 800w\" sizes=\"auto, (max-width: 222px) 100vw, 222px\" \/><\/p>\n<p>Bei <strong>Siet Raeymaekers<\/strong> und T<strong>omas Dittborn<\/strong> ist dann im Gouden Zaal Multidisziplinarit\u00e4t angesagt, bzw. unter dem Projektnamen <strong>Quanto Qualia<\/strong> die Live-Vertonung von Computeranimationen von Landschaften auf der Leinwand. Zusammen mit <strong>Lizzy Vandierendonk<\/strong> zeigte sich das Duo auch f\u00fcr die filigrane visuelle Gestaltung mit Objekten und Videos der Festivalr\u00e4umlichkeiten verantwortlich.<\/p>\n<p><img loading=\"lazy\" decoding=\"async\" class=\"alignnone wp-image-3747 size-medium\" src=\"https:\/\/www.mikro-wellen.net\/wordpress\/wp-content\/uploads\/2020\/04\/kraak202012-225x300.jpg\" alt=\"\" width=\"225\" height=\"300\" srcset=\"https:\/\/www.mikro-wellen.net\/wordpress\/wp-content\/uploads\/2020\/04\/kraak202012-225x300.jpg 225w, https:\/\/www.mikro-wellen.net\/wordpress\/wp-content\/uploads\/2020\/04\/kraak202012-rotated.jpg 480w\" sizes=\"auto, (max-width: 225px) 100vw, 225px\" \/><\/p>\n<p>Die Vergleiche mit <strong>Jandek<\/strong> und anderen verschrobenen, zur\u00fcckgezogenen Au\u00dfenseitern der Gitarrenmusik ehren ihn sicherlich, doch <strong>Gaute Granli<\/strong>, seines Zeichens Norweger, wirkt auf der B\u00fchne \u00fcberhaupt nicht von mangelndem Selbstbewusstsien geplagt und Geheimniskr\u00e4merei scheint auch nicht seine Sache zu sein. Souver\u00e4n unpr\u00e4tenti\u00f6s sorgt er mit seinen kompakten, dann pl\u00f6tzlich in bizarre Gefilde und ins Ungewisse ausscherenden Songs zwischen stoischer nordischer Unterk\u00fchltheit, exotischen oder irgendwie zusammengeleimten Samples der Sparte Fake-Ethno und knorzigem Gesang f\u00fcr inspirierende Verwirrtheit unter dem Publikum.<\/p>\n<p><img loading=\"lazy\" decoding=\"async\" class=\"alignnone wp-image-3737 size-medium\" src=\"https:\/\/www.mikro-wellen.net\/wordpress\/wp-content\/uploads\/2020\/04\/kraak20204-225x300.jpg\" alt=\"\" width=\"225\" height=\"300\" srcset=\"https:\/\/www.mikro-wellen.net\/wordpress\/wp-content\/uploads\/2020\/04\/kraak20204-225x300.jpg 225w, https:\/\/www.mikro-wellen.net\/wordpress\/wp-content\/uploads\/2020\/04\/kraak20204-rotated.jpg 480w\" sizes=\"auto, (max-width: 225px) 100vw, 225px\" \/><\/p>\n<p><strong>Christina Gusimano<\/strong> machte sich in Rom und auch teilweise in den ausl\u00e4ndischen alternativen Szenen als <strong>Maria Violenza<\/strong> als genresprengende Multiinstrumentalistin mit herzerw\u00e4rmenden Songs, die von nerv\u00f6ser Energie und au\u00dfer von italienischen auch von nordafrikanischen Quellen inspiriert sind, einen Namen. Nach schon manch kopflastiger Performance bei diesem Festival trifft ihre Musik straight into the heart.<br \/>\nMan h\u00e4tte vermutet, dass man gerade in Stuttgart duchaus des Z\u00e4hlens m\u00e4chig ist, aber die Gro\u00dfformation, die da auf der B\u00fchne der Bar als <strong>Y\u00fcrgen Karle Trio<\/strong> stand, sprengt im wahrsten Sinne des Wortes den Rahmen.<\/p>\n<p><img loading=\"lazy\" decoding=\"async\" class=\"alignnone wp-image-3753 size-medium\" src=\"https:\/\/www.mikro-wellen.net\/wordpress\/wp-content\/uploads\/2020\/04\/kraak202014-225x300.jpg\" alt=\"\" width=\"225\" height=\"300\" srcset=\"https:\/\/www.mikro-wellen.net\/wordpress\/wp-content\/uploads\/2020\/04\/kraak202014-225x300.jpg 225w, https:\/\/www.mikro-wellen.net\/wordpress\/wp-content\/uploads\/2020\/04\/kraak202014-rotated.jpg 480w\" sizes=\"auto, (max-width: 225px) 100vw, 225px\" \/><\/p>\n<p>Vor zwei Jahren bekam man an gleicher Stelle den krautisch-verspacten Freak Out von <strong>Transport<\/strong>, die auch als eine junge Gro\u00dfkommune anreisten, offeriert; die Szene um die Neue Schachtel am Nordbahnhof in der Baden W\u00fcrttembergischen Hauptstadt ist mehr mit der Free Form Impro-Szene liiert. Da passen Jazz, dissonante Jams, Rhythmusorgien mit selbstgebauten, so sch\u00f6nen wie obskuren Perkussionsinstrumenten und feiner Humor perfekt zusammen.<\/p>\n<p>Mit <strong>Fuji\u00a0<\/strong>wird nach der Pause die bewusstseinserweiternde Freakschraube noch um einige entscheidende Umdrehungen angezogen.<br \/>\nDie belgischen Urgesteine <strong>Ware Fungus<\/strong>, <strong>Gast Sloow<\/strong> und <strong>Louis Frer\u00e8s<\/strong> treffen hier mit dem japanischen Gitarrenmeister <strong>Junzo Suzuki<\/strong> und <strong>Mik Quantius,<\/strong> der vom Metal kommend irgendwann bei Embryo landete und sich dann aber als Mann vom Outer Space offenbarte, zusammen.<br \/>\nFuji heben die Erdenwelt mit einer nur schwer nachvollziehbaren musikalischen K\u00f6nnerschaft und einer verqueren Mixtur aus pulsierendem Jazz-Kraut-Rock, einer \u00dcberholspurenergie und den kryptischen Intonationen des im Schneidersitz auf dem Boden sitzenden und kettenrauchenden S\u00e4ngers im No-Smoking-Caf\u00e9 aus den Angeln und katapultieren sie in ein anderes Universum.<br \/>\nSo kann man sich t\u00e4uschen; normalerweise h\u00e4tte ich die Band wahrscheinlich ignoriert, aber das sind die unerwarteten \u00dcberraschungen, die man auf Festivals erlebt.<\/p>\n<p><img loading=\"lazy\" decoding=\"async\" class=\"alignnone wp-image-3752 size-medium\" src=\"https:\/\/www.mikro-wellen.net\/wordpress\/wp-content\/uploads\/2020\/04\/kraak202015-300x225.jpg\" alt=\"\" width=\"300\" height=\"225\" srcset=\"https:\/\/www.mikro-wellen.net\/wordpress\/wp-content\/uploads\/2020\/04\/kraak202015-300x225.jpg 300w, https:\/\/www.mikro-wellen.net\/wordpress\/wp-content\/uploads\/2020\/04\/kraak202015.jpg 640w\" sizes=\"auto, (max-width: 300px) 100vw, 300px\" \/><\/p>\n<p>&nbsp;<\/p>\n<p>Zur\u00fcck im Gouden Zaal wird mit der Auff\u00fchrung von <strong>Mesias Maihuastacas<\/strong> Kompostition Holz arbeitet II die Tradition des Festivals fortgef\u00fchrt, wichtige Pioniere der Avantgarde, deren Musik immer noch von Relevanz ist, in diesem Rahmen zu pr\u00e4sentieren. Der 1938 in Quito in Equ\u00e4dor geborene Musiker geh\u00f6rte in den 1960er mit <strong>Mauricio Kagel<\/strong>, <strong>C\u00e9sar Bolanos<\/strong> oder <strong>Beatriz Ferreyra<\/strong> (die 2018 beim Festival anwesend war) zu den wenigen Nicht-Europ\u00e4ern, die eigene Akzente in der Neuen Musik setzten. Im Gegensatz zu den oft sehr theoretischen Ans\u00e4tzen der Avantgarde, ist <strong>Maiguashcas<\/strong> nach den wilden, mit Sound experimentiereden Jahren, daran gelegen, die Geschichte seines Landes und seiner eigenen Herkunft als Abk\u00f6mmling von nativen Intellektuellen zu reflektieren. Das einerseits introspektive, andererseits mit folkloristischen Versatzst\u00fccken durchzogene St\u00fcck Holz Arbeitet II spiegelt dies wieder und stach auch choreographisch aus dem Festivalprogramm heraus.<br \/>\nEine andere, junge, S\u00fcdamerikanerin, <strong>Ailin Grad<\/strong> aus Buenos Aires offeriert dann unter dem K\u00fcnstlernamen <strong>Aylu<\/strong> einen Einblick in ihre aktuelle Musik, die einerseits eine zeitgen\u00f6ssiche Version elektroakustischer Musik sein k\u00f6nnte, aber selbstredend genre\u00fcbergreifend angelegt ist und mit melodischen Gitarrensamples und lupfigen Melodien angereichert, federleicht ist.<\/p>\n<p><img loading=\"lazy\" decoding=\"async\" class=\"alignnone wp-image-3739 size-medium\" src=\"https:\/\/www.mikro-wellen.net\/wordpress\/wp-content\/uploads\/2020\/04\/kraak20206-1-225x300.jpg\" alt=\"\" width=\"225\" height=\"300\" srcset=\"https:\/\/www.mikro-wellen.net\/wordpress\/wp-content\/uploads\/2020\/04\/kraak20206-1-225x300.jpg 225w, https:\/\/www.mikro-wellen.net\/wordpress\/wp-content\/uploads\/2020\/04\/kraak20206-1-rotated.jpg 480w\" sizes=\"auto, (max-width: 225px) 100vw, 225px\" \/><\/p>\n<p>Mit <strong>Radioactive Sparrow<\/strong>, der legend\u00e4ren Untergrundband um den aus Wales stammenden, aber nun in\u00a0 Newcastle residierenden und dort die Szene aufmischenden <strong>Will Edmondes<\/strong> aka <strong>Gwilly Edmondez<\/strong>, begibt sich dann nochmals eine Formation auf die B\u00fchne, die sich die Spontaneit\u00e4t und Unberechenbarkeit auf die Fahnen geschrieben hat. Die Sparrows k\u00f6nnen schon auf \u00fcber neunzig Ver\u00f6ffentlichungen zur\u00fcckblicken, mit einer Musik, die in der besten britischen DIY-Tradition steht. Alle Sparten der Musikgeschichte werden gepl\u00fcndert, um daraus exzentrische Songs zu basteln, die mit der Kompromisslosigkeit von Punk gespielt werden. Manche dauern nur einige Sekunden, andere ufern komplett und in ungeahnte Richtungen aus.<br \/>\nVor einigen Jahren, 2016 genauer, spielte Edmondes aka <strong>Gustav Thomas<\/strong> mit seiner Tochter Freya aka <strong>Elvin Brandhi<\/strong> als <strong>Yeah You!<\/strong> eine ganz andere Musik\u2026.<\/p>\n<p><img loading=\"lazy\" decoding=\"async\" class=\"alignnone wp-image-3750 size-medium\" src=\"https:\/\/www.mikro-wellen.net\/wordpress\/wp-content\/uploads\/2020\/04\/kraak202017-300x225.jpg\" alt=\"\" width=\"300\" height=\"225\" srcset=\"https:\/\/www.mikro-wellen.net\/wordpress\/wp-content\/uploads\/2020\/04\/kraak202017-300x225.jpg 300w, https:\/\/www.mikro-wellen.net\/wordpress\/wp-content\/uploads\/2020\/04\/kraak202017.jpg 640w\" sizes=\"auto, (max-width: 300px) 100vw, 300px\" \/><\/p>\n<p><strong>Guilhelm All<\/strong> l\u00e4utet dann mit seinen Plastic Turntabels die Schlussrunde im Gouden Zaal ein, bevor DJ Werner nochmals ins Caf\u00e9 zum Kehraus bittet.<br \/>\nDa schon einige Tage sp\u00e4ter auch in Belgien der Shutdown auch aller kulturellen Aktivit\u00e4ten in kraft tritt, wird das zwanzigste <strong>Kraak-Festival<\/strong> nicht nur wegen der wieder ausgesucht guten Konzerte in besonderer Erinnerung bleiben. Zum Gl\u00fcck ist der Mailorder-Versand weiterhin aktiv.<\/p>\n<p><a href=\"http:\/\/www.kraak.net\" target=\"_blank\" rel=\"noopener noreferrer\">kraak.net<\/a><\/p>\n","protected":false},"excerpt":{"rendered":"<p>Kraak Festival 2020 Die zwanzigste Ausgabe des Kraak Festivals, die die umtriebige Genter Crew erneut in der geschichtstr\u00e4chtigen Beurschouwburg in der belgischen Metropole veranstaltete, war, besonders nat\u00fcrlich jetzt im R\u00fcckblick gesehen, eine besondere. Auf der Hinfahrt aus dem S\u00fcden konnte man an diesem vorletzten Tag im Feburar schon eine latente Anspannung und ein gesteigertes Sicherheitsbed\u00fcrfnis [&hellip;]<\/p>\n","protected":false},"author":2,"featured_media":0,"comment_status":"closed","ping_status":"closed","sticky":false,"template":"","format":"standard","meta":{"footnotes":""},"categories":[1,160],"tags":[1217,1206,1211,1213,1216,1205,1207,1210,1214,1220,1218,1208,1219,1209,1212,1215],"class_list":["post-3731","post","type-post","status-publish","format-standard","hentry","category-allgemein","category-langwellen","tag-aylu","tag-bruxelles","tag-crash-toto","tag-fiesta-en-el-vacio","tag-fuji","tag-kraak-festival-2020","tag-kramp","tag-kuupuu","tag-maria-violenza","tag-mccloud-zicmuse","tag-mesias-maihuashca","tag-orphan-fairytale","tag-radioactive-sparrow","tag-vica-pacheco","tag-wiels-museum","tag-yurgen-karle-trio"],"_links":{"self":[{"href":"https:\/\/www.mikro-wellen.net\/wordpress\/wp-json\/wp\/v2\/posts\/3731","targetHints":{"allow":["GET"]}}],"collection":[{"href":"https:\/\/www.mikro-wellen.net\/wordpress\/wp-json\/wp\/v2\/posts"}],"about":[{"href":"https:\/\/www.mikro-wellen.net\/wordpress\/wp-json\/wp\/v2\/types\/post"}],"author":[{"embeddable":true,"href":"https:\/\/www.mikro-wellen.net\/wordpress\/wp-json\/wp\/v2\/users\/2"}],"replies":[{"embeddable":true,"href":"https:\/\/www.mikro-wellen.net\/wordpress\/wp-json\/wp\/v2\/comments?post=3731"}],"version-history":[{"count":4,"href":"https:\/\/www.mikro-wellen.net\/wordpress\/wp-json\/wp\/v2\/posts\/3731\/revisions"}],"predecessor-version":[{"id":3761,"href":"https:\/\/www.mikro-wellen.net\/wordpress\/wp-json\/wp\/v2\/posts\/3731\/revisions\/3761"}],"wp:attachment":[{"href":"https:\/\/www.mikro-wellen.net\/wordpress\/wp-json\/wp\/v2\/media?parent=3731"}],"wp:term":[{"taxonomy":"category","embeddable":true,"href":"https:\/\/www.mikro-wellen.net\/wordpress\/wp-json\/wp\/v2\/categories?post=3731"},{"taxonomy":"post_tag","embeddable":true,"href":"https:\/\/www.mikro-wellen.net\/wordpress\/wp-json\/wp\/v2\/tags?post=3731"}],"curies":[{"name":"wp","href":"https:\/\/api.w.org\/{rel}","templated":true}]}}