{"id":2815,"date":"2016-06-19T12:19:26","date_gmt":"2016-06-19T11:19:26","guid":{"rendered":"http:\/\/www.mikro-wellen.net\/wordpress\/?p=2815"},"modified":"2016-06-19T12:24:19","modified_gmt":"2016-06-19T11:24:19","slug":"ripples-2","status":"publish","type":"post","link":"https:\/\/www.mikro-wellen.net\/wordpress\/ripples-2\/","title":{"rendered":"Ripples"},"content":{"rendered":"<p><span style=\"color: #00ff00;\"><em>Razen &#8211; Endrhymes<\/em><\/span><br \/>\n<span style=\"color: #00ff00;\"><em>von<\/em><\/span> <span style=\"color: #00ff00;\"><em>Calhau! &#8211; \u00fa<br \/>\n<\/em><\/span><\/p>\n<p>Sonderbare Musik f\u00fcr sonderbare Leute, d.h. in diesem Fall zwei neue Produktionen auf Kraak.<\/p>\n<p><a href=\"http:\/\/www.mikro-wellen.net\/wordpress\/wp-content\/uploads\/2016\/06\/calhau.jpg\"><img loading=\"lazy\" decoding=\"async\" class=\"alignnone size-thumbnail wp-image-2816\" src=\"http:\/\/www.mikro-wellen.net\/wordpress\/wp-content\/uploads\/2016\/06\/calhau-150x150.jpg\" alt=\"calhau\" width=\"150\" height=\"150\" srcset=\"https:\/\/www.mikro-wellen.net\/wordpress\/wp-content\/uploads\/2016\/06\/calhau-150x150.jpg 150w, https:\/\/www.mikro-wellen.net\/wordpress\/wp-content\/uploads\/2016\/06\/calhau-300x300.jpg 300w, https:\/\/www.mikro-wellen.net\/wordpress\/wp-content\/uploads\/2016\/06\/calhau-768x768.jpg 768w, https:\/\/www.mikro-wellen.net\/wordpress\/wp-content\/uploads\/2016\/06\/calhau.jpg 800w\" sizes=\"auto, (max-width: 150px) 100vw, 150px\" \/><\/a><\/p>\n<p><!--more--><br \/>\n<em>Razens<\/em> \u201chardcore melodic minimalism &amp; raw dystopian deep listening\u201d schl\u00e4gt mit <strong>Endryhmes<\/strong> ein weiteres Kapitel auf und zieht den geneigten H\u00f6rer mit luzider, den Lunatismus f\u00f6rdernder abstrakter Sch\u00f6nheit in den Bann. Man darf, ohne der \u00dcberheblichkeit verd\u00e4chtigt zu werden, den Gro\u00dfteil des mittlerweile immensen j\u00e4hrlichen Outputs an mehr oder &#8211; meist &#8211; weniger gelungenen Versuchen, dem Inneren des Tons auf die Spur zu kommen, au\u00dfer acht lassen, wenn man daf\u00fcr der faszinierenden Musik von <strong>Brecht Ameel<\/strong> (Monochord), <strong>Kim Delcour<\/strong> (Bagpipe, Shawm, Tenor Recorder) und <strong>David Poltrock<\/strong> (Ondes-Martenot, Sequencer &amp; Modular Synthesizer) gewahr werden kann. Die eigenartige Mischung ihrer Musik, gespielt mit altert\u00fcmlichen Instrumenten, die teilweise von den Musikern nachgebaut werden und &#8211; als scheinbar logischer Kontrapunkt\u00a0 &#8211; Sequenzern\/Synthesizern m\u00fcnden in eine pulsierende, verdichtete Fusion aus dudelsackartigem Obertonpfeifen und Futuristisch-Elektronischem. So, beispielsweise beim Er\u00f6ffnungsst\u00fcck <em>Reaper<\/em>. <em>Sorcerer<\/em> beginnt langsam, suchend: elektronisches Knistern wird von fern\u00f6stlich anmutendem Bagpipes \u00fcberlagert und wechselt ins Unheimliche. Ein St\u00fcck zwischen Klangforschung und Spiritualit\u00e4t. Piper m\u00e4andert, getragen von Gezupftem dahin, nicht weniger sinnsch\u00e4rfend; bei <em>Sleeper<\/em> h\u00f6rt man wieder eine Art Balkan-Klezmer &#8211; Sound, der repetiv-obertonaffin am ehesten dem &#8211;\u00a0 in der belgischen Presse erw\u00e4hnten &#8211; Vergleich mit dem Minimalism Steve Reichs standh\u00e4lt. Live spielt Razen meist im Rahmen eines internationalen Avantgarde-Lineups und f\u00fchlt sich dort bestens aufgehoben. Der Heimathafen Kraak, mit seinem nach allen Richtungen hin offenen Raster ist da fraglos auch das ideale Label f\u00fcr Razen.<\/p>\n<p><a href=\"http:\/\/www.mikro-wellen.net\/wordpress\/wp-content\/uploads\/2016\/06\/razen.jpg\"><img loading=\"lazy\" decoding=\"async\" class=\"alignnone size-thumbnail wp-image-2817\" src=\"http:\/\/www.mikro-wellen.net\/wordpress\/wp-content\/uploads\/2016\/06\/razen-150x150.jpg\" alt=\"razen\" width=\"150\" height=\"150\" srcset=\"https:\/\/www.mikro-wellen.net\/wordpress\/wp-content\/uploads\/2016\/06\/razen-150x150.jpg 150w, https:\/\/www.mikro-wellen.net\/wordpress\/wp-content\/uploads\/2016\/06\/razen-300x297.jpg 300w\" sizes=\"auto, (max-width: 150px) 100vw, 150px\" \/><\/a><\/p>\n<p>2006 trifft <strong>Marta \u00c2ngela Baptista<\/strong> an einem Workshop, der das Bauen von elektronischen Instrumenten vermittelt; <strong>Jo\u00e3o Alves<\/strong>, der den Kurs leitet. Seitdem widmen sie sich, privat und k\u00fcnstlerisch, ihrem gemeinsames Projekt &#8211; <em>von Calhau!<\/em> &#8211; bei dem sie, ganz der Multidisziplinarit\u00e4t anh\u00e4ngend, Musik, visuelle K\u00fcnste, Performance, Filme wild aufeinanderprallen lassen. Beide belegen auch an der Kunstakademie Porto die Sparte \u201cVisuelle K\u00fcnste\u201d.<br \/>\nDer musikalische Part alleine, also ohne die teils spielerische, teils provokative B\u00fchnenpr\u00e4senz, ben\u00f6tigt die visuelle Unterst\u00fctzung widerum nicht, um auf ihrem Album f\u00fcr Kraak &#8211; <em>\u00f9<\/em> &#8211;\u00a0 zu einem \u00fcberzeugenden Resultat zu kommen. Die ebenfalls, allerdings schon in den 1980ern, aus der Kunstakademie entsprungenen <em>DDAA<\/em>, kommen einem bei dem Konzept von \u201cvon Calhau!\u201d unweigerlich in den Sinn: Kunstvoll gestaltete Plattenh\u00fcllen, ein theatralisches Element auf der B\u00fchne, das sowohl in einem Konzertsaal wie in einer Galerie auf Unverst\u00e4ndnis st\u00f6\u00dft und subtil provoziert, und eine zwischen Strenge und Verspieltheit angesiedelte Musik, die Art Bruit, DADA, Alfred Jarry, Fake-Ethno-Elemente, Improvisation und Punk-Roots als Referenzpunkte verbindet.<br \/>\nAuf den f\u00fcnf kurzen St\u00fccke der ersten Seite des Albums singt <strong>Marta Baptista<\/strong> mit einem beschw\u00f6renden Singsang in einer Fantasiesprache, aber auch in Latein, Franz\u00f6sisch, Englisch und Portugiesisch gegen die schrillen, eiernden, minimalisten elektronischen Klanggebilde an, die auch mal von Trompetenfanfaren, Trommelwirbeln unterbrochen werden k\u00f6nnen. Bei <em>Uruburru<\/em> mutiert das Singen zum mysteri\u00f6sen Gurren; <em>S<\/em>, bei dem Marta Baptista in verschiedenen Sprachen W\u00f6rter, die mit diesem Buchstaben beginnen, herunter\u201dbetet\u201d hat einen dunklen Nico-Touch.<br \/>\nH\u00f6hepunkt ist fraglos <em>A C\u00f4rte D\u2019Urubu<\/em>, das die ganze zweite Seite einnimmt und mit der Unterst\u00fctzung des Santa Cec\u00edlia Choir von Villa Do Conde dem zentralen Thema\u00a0 von <em>von Calhau!<\/em> nachgeht: die Absurdit\u00e4t und, gleichzeitig, ungebrochene Ausstrahlung von (katholischem) Mystizismus, Spiritualit\u00e4t, Beschw\u00f6rungsritualen etc.. Das St\u00fcck klingt wie eine surreale Oper, bei der der Gesang gegen einen schroffen Synthesizer ankommen muss und doch im Grunde dem Rahmen einer mittelalterlichen Messe folgt.<\/p>\n<p><a href=\"http:\/\/www.kraak.net\" target=\"_blank\">http:\/\/www.kraak.net<\/a><\/p>\n<p>&nbsp;<\/p>\n","protected":false},"excerpt":{"rendered":"<p>Razen &#8211; Endrhymes von Calhau! &#8211; \u00fa Sonderbare Musik f\u00fcr sonderbare Leute, d.h. in diesem Fall zwei neue Produktionen auf Kraak.<\/p>\n","protected":false},"author":2,"featured_media":0,"comment_status":"closed","ping_status":"closed","sticky":false,"template":"","format":"standard","meta":{"footnotes":""},"categories":[1,633],"tags":[908,901,910,786,907,905,909,903,904,906,902],"class_list":["post-2815","post","type-post","status-publish","format-standard","hentry","category-allgemein","category-ripples","tag-brecht-ameel","tag-calhau","tag-david-poltrock","tag-ddaa","tag-endrhyhmes","tag-joao-alves","tag-kim-delcour","tag-kraak","tag-marta-angela-baptista","tag-razen","tag-u"],"_links":{"self":[{"href":"https:\/\/www.mikro-wellen.net\/wordpress\/wp-json\/wp\/v2\/posts\/2815","targetHints":{"allow":["GET"]}}],"collection":[{"href":"https:\/\/www.mikro-wellen.net\/wordpress\/wp-json\/wp\/v2\/posts"}],"about":[{"href":"https:\/\/www.mikro-wellen.net\/wordpress\/wp-json\/wp\/v2\/types\/post"}],"author":[{"embeddable":true,"href":"https:\/\/www.mikro-wellen.net\/wordpress\/wp-json\/wp\/v2\/users\/2"}],"replies":[{"embeddable":true,"href":"https:\/\/www.mikro-wellen.net\/wordpress\/wp-json\/wp\/v2\/comments?post=2815"}],"version-history":[{"count":3,"href":"https:\/\/www.mikro-wellen.net\/wordpress\/wp-json\/wp\/v2\/posts\/2815\/revisions"}],"predecessor-version":[{"id":2820,"href":"https:\/\/www.mikro-wellen.net\/wordpress\/wp-json\/wp\/v2\/posts\/2815\/revisions\/2820"}],"wp:attachment":[{"href":"https:\/\/www.mikro-wellen.net\/wordpress\/wp-json\/wp\/v2\/media?parent=2815"}],"wp:term":[{"taxonomy":"category","embeddable":true,"href":"https:\/\/www.mikro-wellen.net\/wordpress\/wp-json\/wp\/v2\/categories?post=2815"},{"taxonomy":"post_tag","embeddable":true,"href":"https:\/\/www.mikro-wellen.net\/wordpress\/wp-json\/wp\/v2\/tags?post=2815"}],"curies":[{"name":"wp","href":"https:\/\/api.w.org\/{rel}","templated":true}]}}